{"id":1321,"date":"2023-04-12T13:05:47","date_gmt":"2023-04-12T13:05:47","guid":{"rendered":"https:\/\/sunnyvg.hr\/velika-gorica-zapocinje-energetsku-transformaciju-do-kraja-godine-22-javna-objekta-dobit-ce-suncane-elektrane\/"},"modified":"2023-04-16T12:58:28","modified_gmt":"2023-04-16T12:58:28","slug":"velika-gorica-will-start-the-energy-transformation-by-the-end-of-the-year-22-public-objects-will-get-solar-power-plants","status":"publish","type":"post","link":"https:\/\/sunnyvg.hr\/en\/velika-gorica-will-start-the-energy-transformation-by-the-end-of-the-year-22-public-objects-will-get-solar-power-plants\/","title":{"rendered":"Velika Gorica begins energy transformation: By the end of the year, 22 public buildings will receive solar power plants"},"content":{"rendered":"\n<p>The countdown has begun &#8211; Velika Gorica will enter an energy transformation in the direction of carbon neutrality by the end of the year.<\/p>\n\n<p>The project &#8220;Velika Gorica Solar City &#8211; COUNTDOWN&#8221; was launched, the goal of which is to use solar energy for the production of electricity in public buildings in Velika Gorica. <\/p>\n\n<p>The value of this project is slightly more than 654 thousand euros, of which 533 thousand were financed from grants through the Financial Mechanism of the European Economic Area for the period of 2014. until 2021 year, while the other funds are financed by the City and its partners.<\/p>\n\n<p>&#8211; Almost all buildings that statically met the prerequisites managed to achieve this benefit of solar power plants. A total of 22 public buildings will receive solar power plants by the end of this year, which means that we, as a solar city, have turned to more environmentally friendly renewable energy sources, but also to much cheaper solutions, considering the current prices of energy sources &#8211; mayor Kre\u0161imir A\u010dkar told the media.<\/p>\n\n<p>With the use of solar power plants, it is expected that more than 50% of the electricity these facilities will receive through solar power plants.<\/p>\n\n<p>&#8211; The city of Veliki Gorica is not the only city that received these funds, but Velika Gorica is definitely the city with by far the most facilities that will receive solar power plants. The city of Karlovac will install them on 14 facilities, and Zagreb on 8, which makes Velika Gorica a city that has well entered the energy transformation process in this sense &#8211; said the spokeswoman of the Regional Climate and Energy Agency of Western Croatia, which is assisting the city of Velika Gorica in the implementation of the project .<\/p>\n\n<p> A &#8220;sunny&#8221; future will be given to the People&#8217;s Open University Velika Gorica, the Polytechnic Velika Gorica, the administrative institution \u0160RC Velika Gorica and the hall of the \u0160RC, the Lojtrica Kindergarten, the obs facility of the Ciciban VG Kindergarten with (along with the art school), the Kindergarten Velika Gorica &#8211; Bu\u0161evec , Nikole Hribara Elementary School, Gradi\u0107i Elementary School, Vukovina Elementary School, Bu\u0161evec Elementary School, Jurja Habdeli\u0107 Elementary School, Velika Buna Elementary School, \u0160\u0107itarjevo Elementary School), Donja Lomnica Community Center, Mala Buna Community and Firehouse, Turopolje Folklore Ensemble, Kobili\u0107 Sports Center, NK Udarnik, Tourist community of the City of Velika Gorica and Filomen.<\/p>\n","protected":false},"excerpt":{"rendered":"<p>The countdown has begun &#8211; Velika Gorica will enter an energy transformation in the direction of carbon neutrality by the end of the year. The project &#8220;Velika Gorica Solar City &#8211; COUNTDOWN&#8221; was launched, the goal of which is to use solar energy for the production of electricity in public buildings in Velika Gorica. The [&hellip;]<\/p>\n","protected":false},"author":1,"featured_media":1305,"comment_status":"open","ping_status":"open","sticky":false,"template":"","format":"standard","meta":{"ocean_post_layout":"","ocean_both_sidebars_style":"","ocean_both_sidebars_content_width":0,"ocean_both_sidebars_sidebars_width":0,"ocean_sidebar":"0","ocean_second_sidebar":"0","ocean_disable_margins":"enable","ocean_add_body_class":"","ocean_shortcode_before_top_bar":"","ocean_shortcode_after_top_bar":"","ocean_shortcode_before_header":"","ocean_shortcode_after_header":"","ocean_has_shortcode":"","ocean_shortcode_after_title":"","ocean_shortcode_before_footer_widgets":"","ocean_shortcode_after_footer_widgets":"","ocean_shortcode_before_footer_bottom":"","ocean_shortcode_after_footer_bottom":"","ocean_display_top_bar":"default","ocean_display_header":"default","ocean_header_style":"","ocean_center_header_left_menu":"0","ocean_custom_header_template":"0","ocean_custom_logo":0,"ocean_custom_retina_logo":0,"ocean_custom_logo_max_width":0,"ocean_custom_logo_tablet_max_width":0,"ocean_custom_logo_mobile_max_width":0,"ocean_custom_logo_max_height":0,"ocean_custom_logo_tablet_max_height":0,"ocean_custom_logo_mobile_max_height":0,"ocean_header_custom_menu":"0","ocean_menu_typo_font_family":"0","ocean_menu_typo_font_subset":"","ocean_menu_typo_font_size":0,"ocean_menu_typo_font_size_tablet":0,"ocean_menu_typo_font_size_mobile":0,"ocean_menu_typo_font_size_unit":"px","ocean_menu_typo_font_weight":"","ocean_menu_typo_font_weight_tablet":"","ocean_menu_typo_font_weight_mobile":"","ocean_menu_typo_transform":"","ocean_menu_typo_transform_tablet":"","ocean_menu_typo_transform_mobile":"","ocean_menu_typo_line_height":0,"ocean_menu_typo_line_height_tablet":0,"ocean_menu_typo_line_height_mobile":0,"ocean_menu_typo_line_height_unit":"","ocean_menu_typo_spacing":0,"ocean_menu_typo_spacing_tablet":0,"ocean_menu_typo_spacing_mobile":0,"ocean_menu_typo_spacing_unit":"","ocean_menu_link_color":"","ocean_menu_link_color_hover":"","ocean_menu_link_color_active":"","ocean_menu_link_background":"","ocean_menu_link_hover_background":"","ocean_menu_link_active_background":"","ocean_menu_social_links_bg":"","ocean_menu_social_hover_links_bg":"","ocean_menu_social_links_color":"","ocean_menu_social_hover_links_color":"","ocean_disable_title":"default","ocean_disable_heading":"default","ocean_post_title":"","ocean_post_subheading":"","ocean_post_title_style":"","ocean_post_title_background_color":"","ocean_post_title_background":0,"ocean_post_title_bg_image_position":"","ocean_post_title_bg_image_attachment":"","ocean_post_title_bg_image_repeat":"","ocean_post_title_bg_image_size":"","ocean_post_title_height":0,"ocean_post_title_bg_overlay":0.5,"ocean_post_title_bg_overlay_color":"","ocean_disable_breadcrumbs":"default","ocean_breadcrumbs_color":"","ocean_breadcrumbs_separator_color":"","ocean_breadcrumbs_links_color":"","ocean_breadcrumbs_links_hover_color":"","ocean_display_footer_widgets":"default","ocean_display_footer_bottom":"default","ocean_custom_footer_template":"0","ocean_post_oembed":"","ocean_post_self_hosted_media":"","ocean_post_video_embed":"","ocean_link_format":"","ocean_link_format_target":"self","ocean_quote_format":"","ocean_quote_format_link":"post","ocean_gallery_link_images":"off","ocean_gallery_id":[]},"categories":[1],"tags":[],"yoast_head":"<!-- This site is optimized with the Yoast SEO plugin v20.8 - https:\/\/yoast.com\/wordpress\/plugins\/seo\/ -->\n<title>Velika Gorica begins energy transformation: By the end of the year, 22 public buildings will receive solar power plants - Sunny VG<\/title>\n<meta name=\"robots\" content=\"index, follow, max-snippet:-1, max-image-preview:large, max-video-preview:-1\" \/>\n<link rel=\"canonical\" href=\"https:\/\/sunnyvg.hr\/en\/velika-gorica-will-start-the-energy-transformation-by-the-end-of-the-year-22-public-objects-will-get-solar-power-plants\/\" \/>\n<meta property=\"og:locale\" content=\"en_US\" \/>\n<meta property=\"og:type\" content=\"article\" \/>\n<meta property=\"og:title\" content=\"Velika Gorica begins energy transformation: By the end of the year, 22 public buildings will receive solar power plants - Sunny VG\" \/>\n<meta property=\"og:description\" content=\"The countdown has begun &#8211; Velika Gorica will enter an energy transformation in the direction of carbon neutrality by the end of the year. The project &#8220;Velika Gorica Solar City &#8211; COUNTDOWN&#8221; was launched, the goal of which is to use solar energy for the production of electricity in public buildings in Velika Gorica. The [&hellip;]\" \/>\n<meta property=\"og:url\" content=\"https:\/\/sunnyvg.hr\/en\/velika-gorica-will-start-the-energy-transformation-by-the-end-of-the-year-22-public-objects-will-get-solar-power-plants\/\" \/>\n<meta property=\"og:site_name\" content=\"Sunny VG\" \/>\n<meta property=\"article:published_time\" content=\"2023-04-12T13:05:47+00:00\" \/>\n<meta property=\"article:modified_time\" content=\"2023-04-16T12:58:28+00:00\" \/>\n<meta property=\"og:image\" content=\"https:\/\/sunnyvg.hr\/wp-content\/uploads\/2023\/04\/suncane-elektrane.jpg\" \/>\n\t<meta property=\"og:image:width\" content=\"934\" \/>\n\t<meta property=\"og:image:height\" content=\"425\" \/>\n\t<meta property=\"og:image:type\" content=\"image\/jpeg\" \/>\n<meta name=\"author\" content=\"Admin\" \/>\n<meta name=\"twitter:card\" content=\"summary_large_image\" \/>\n<meta name=\"twitter:label1\" content=\"Written by\" \/>\n\t<meta name=\"twitter:data1\" content=\"Admin\" \/>\n\t<meta name=\"twitter:label2\" content=\"Est. reading time\" \/>\n\t<meta name=\"twitter:data2\" content=\"2 minutes\" \/>\n<script type=\"application\/ld+json\" class=\"yoast-schema-graph\">{\"@context\":\"https:\/\/schema.org\",\"@graph\":[{\"@type\":\"Article\",\"@id\":\"https:\/\/sunnyvg.hr\/en\/velika-gorica-will-start-the-energy-transformation-by-the-end-of-the-year-22-public-objects-will-get-solar-power-plants\/#article\",\"isPartOf\":{\"@id\":\"https:\/\/sunnyvg.hr\/en\/velika-gorica-will-start-the-energy-transformation-by-the-end-of-the-year-22-public-objects-will-get-solar-power-plants\/\"},\"author\":{\"name\":\"Admin\",\"@id\":\"https:\/\/sunnyvg.hr\/en\/#\/schema\/person\/41efd329db2a08087ebe8fc1e2954453\"},\"headline\":\"Velika Gorica begins energy transformation: By the end of the year, 22 public buildings will receive solar power plants\",\"datePublished\":\"2023-04-12T13:05:47+00:00\",\"dateModified\":\"2023-04-16T12:58:28+00:00\",\"mainEntityOfPage\":{\"@id\":\"https:\/\/sunnyvg.hr\/en\/velika-gorica-will-start-the-energy-transformation-by-the-end-of-the-year-22-public-objects-will-get-solar-power-plants\/\"},\"wordCount\":412,\"commentCount\":0,\"publisher\":{\"@id\":\"https:\/\/sunnyvg.hr\/en\/#organization\"},\"inLanguage\":\"en-US\",\"potentialAction\":[{\"@type\":\"CommentAction\",\"name\":\"Comment\",\"target\":[\"https:\/\/sunnyvg.hr\/en\/velika-gorica-will-start-the-energy-transformation-by-the-end-of-the-year-22-public-objects-will-get-solar-power-plants\/#respond\"]}]},{\"@type\":\"WebPage\",\"@id\":\"https:\/\/sunnyvg.hr\/en\/velika-gorica-will-start-the-energy-transformation-by-the-end-of-the-year-22-public-objects-will-get-solar-power-plants\/\",\"url\":\"https:\/\/sunnyvg.hr\/en\/velika-gorica-will-start-the-energy-transformation-by-the-end-of-the-year-22-public-objects-will-get-solar-power-plants\/\",\"name\":\"Velika Gorica begins energy transformation: By the end of the year, 22 public buildings will receive solar power plants - Sunny VG\",\"isPartOf\":{\"@id\":\"https:\/\/sunnyvg.hr\/en\/#website\"},\"datePublished\":\"2023-04-12T13:05:47+00:00\",\"dateModified\":\"2023-04-16T12:58:28+00:00\",\"breadcrumb\":{\"@id\":\"https:\/\/sunnyvg.hr\/en\/velika-gorica-will-start-the-energy-transformation-by-the-end-of-the-year-22-public-objects-will-get-solar-power-plants\/#breadcrumb\"},\"inLanguage\":\"en-US\",\"potentialAction\":[{\"@type\":\"ReadAction\",\"target\":[\"https:\/\/sunnyvg.hr\/en\/velika-gorica-will-start-the-energy-transformation-by-the-end-of-the-year-22-public-objects-will-get-solar-power-plants\/\"]}]},{\"@type\":\"BreadcrumbList\",\"@id\":\"https:\/\/sunnyvg.hr\/en\/velika-gorica-will-start-the-energy-transformation-by-the-end-of-the-year-22-public-objects-will-get-solar-power-plants\/#breadcrumb\",\"itemListElement\":[{\"@type\":\"ListItem\",\"position\":1,\"name\":\"Po\u010detna stranica\",\"item\":\"https:\/\/sunnyvg.hr\/en\/\"},{\"@type\":\"ListItem\",\"position\":2,\"name\":\"Velika Gorica begins energy transformation: By the end of the year, 22 public buildings will receive solar power plants\"}]},{\"@type\":\"WebSite\",\"@id\":\"https:\/\/sunnyvg.hr\/en\/#website\",\"url\":\"https:\/\/sunnyvg.hr\/en\/\",\"name\":\"Sunny VG\",\"description\":\"Velika Gorica Solarni Grad ODBROJAVANJE\",\"publisher\":{\"@id\":\"https:\/\/sunnyvg.hr\/en\/#organization\"},\"potentialAction\":[{\"@type\":\"SearchAction\",\"target\":{\"@type\":\"EntryPoint\",\"urlTemplate\":\"https:\/\/sunnyvg.hr\/en\/?s={search_term_string}\"},\"query-input\":\"required name=search_term_string\"}],\"inLanguage\":\"en-US\"},{\"@type\":\"Organization\",\"@id\":\"https:\/\/sunnyvg.hr\/en\/#organization\",\"name\":\"Sunny VG\",\"url\":\"https:\/\/sunnyvg.hr\/en\/\",\"logo\":{\"@type\":\"ImageObject\",\"inLanguage\":\"en-US\",\"@id\":\"https:\/\/sunnyvg.hr\/en\/#\/schema\/logo\/image\/\",\"url\":\"https:\/\/sunnyvg.hr\/wp-content\/uploads\/2023\/03\/cropped-VG_Logo_01.png\",\"contentUrl\":\"https:\/\/sunnyvg.hr\/wp-content\/uploads\/2023\/03\/cropped-VG_Logo_01.png\",\"width\":570,\"height\":409,\"caption\":\"Sunny VG\"},\"image\":{\"@id\":\"https:\/\/sunnyvg.hr\/en\/#\/schema\/logo\/image\/\"}},{\"@type\":\"Person\",\"@id\":\"https:\/\/sunnyvg.hr\/en\/#\/schema\/person\/41efd329db2a08087ebe8fc1e2954453\",\"name\":\"Admin\",\"image\":{\"@type\":\"ImageObject\",\"inLanguage\":\"en-US\",\"@id\":\"https:\/\/sunnyvg.hr\/en\/#\/schema\/person\/image\/\",\"url\":\"https:\/\/secure.gravatar.com\/avatar\/3c319ca6703730ac05394e51c6576738?s=96&d=mm&r=g\",\"contentUrl\":\"https:\/\/secure.gravatar.com\/avatar\/3c319ca6703730ac05394e51c6576738?s=96&d=mm&r=g\",\"caption\":\"Admin\"},\"sameAs\":[\"https:\/\/sunnyvg.hr\"]}]}<\/script>\n<!-- \/ Yoast SEO plugin. -->","yoast_head_json":{"title":"Velika Gorica begins energy transformation: By the end of the year, 22 public buildings will receive solar power plants - Sunny VG","robots":{"index":"index","follow":"follow","max-snippet":"max-snippet:-1","max-image-preview":"max-image-preview:large","max-video-preview":"max-video-preview:-1"},"canonical":"https:\/\/sunnyvg.hr\/en\/velika-gorica-will-start-the-energy-transformation-by-the-end-of-the-year-22-public-objects-will-get-solar-power-plants\/","og_locale":"en_US","og_type":"article","og_title":"Velika Gorica begins energy transformation: By the end of the year, 22 public buildings will receive solar power plants - Sunny VG","og_description":"The countdown has begun &#8211; Velika Gorica will enter an energy transformation in the direction of carbon neutrality by the end of the year. The project &#8220;Velika Gorica Solar City &#8211; COUNTDOWN&#8221; was launched, the goal of which is to use solar energy for the production of electricity in public buildings in Velika Gorica. The [&hellip;]","og_url":"https:\/\/sunnyvg.hr\/en\/velika-gorica-will-start-the-energy-transformation-by-the-end-of-the-year-22-public-objects-will-get-solar-power-plants\/","og_site_name":"Sunny VG","article_published_time":"2023-04-12T13:05:47+00:00","article_modified_time":"2023-04-16T12:58:28+00:00","og_image":[{"width":934,"height":425,"url":"https:\/\/sunnyvg.hr\/wp-content\/uploads\/2023\/04\/suncane-elektrane.jpg","type":"image\/jpeg"}],"author":"Admin","twitter_card":"summary_large_image","twitter_misc":{"Written by":"Admin","Est. reading time":"2 minutes"},"schema":{"@context":"https:\/\/schema.org","@graph":[{"@type":"Article","@id":"https:\/\/sunnyvg.hr\/en\/velika-gorica-will-start-the-energy-transformation-by-the-end-of-the-year-22-public-objects-will-get-solar-power-plants\/#article","isPartOf":{"@id":"https:\/\/sunnyvg.hr\/en\/velika-gorica-will-start-the-energy-transformation-by-the-end-of-the-year-22-public-objects-will-get-solar-power-plants\/"},"author":{"name":"Admin","@id":"https:\/\/sunnyvg.hr\/en\/#\/schema\/person\/41efd329db2a08087ebe8fc1e2954453"},"headline":"Velika Gorica begins energy transformation: By the end of the year, 22 public buildings will receive solar power plants","datePublished":"2023-04-12T13:05:47+00:00","dateModified":"2023-04-16T12:58:28+00:00","mainEntityOfPage":{"@id":"https:\/\/sunnyvg.hr\/en\/velika-gorica-will-start-the-energy-transformation-by-the-end-of-the-year-22-public-objects-will-get-solar-power-plants\/"},"wordCount":412,"commentCount":0,"publisher":{"@id":"https:\/\/sunnyvg.hr\/en\/#organization"},"inLanguage":"en-US","potentialAction":[{"@type":"CommentAction","name":"Comment","target":["https:\/\/sunnyvg.hr\/en\/velika-gorica-will-start-the-energy-transformation-by-the-end-of-the-year-22-public-objects-will-get-solar-power-plants\/#respond"]}]},{"@type":"WebPage","@id":"https:\/\/sunnyvg.hr\/en\/velika-gorica-will-start-the-energy-transformation-by-the-end-of-the-year-22-public-objects-will-get-solar-power-plants\/","url":"https:\/\/sunnyvg.hr\/en\/velika-gorica-will-start-the-energy-transformation-by-the-end-of-the-year-22-public-objects-will-get-solar-power-plants\/","name":"Velika Gorica begins energy transformation: By the end of the year, 22 public buildings will receive solar power plants - Sunny VG","isPartOf":{"@id":"https:\/\/sunnyvg.hr\/en\/#website"},"datePublished":"2023-04-12T13:05:47+00:00","dateModified":"2023-04-16T12:58:28+00:00","breadcrumb":{"@id":"https:\/\/sunnyvg.hr\/en\/velika-gorica-will-start-the-energy-transformation-by-the-end-of-the-year-22-public-objects-will-get-solar-power-plants\/#breadcrumb"},"inLanguage":"en-US","potentialAction":[{"@type":"ReadAction","target":["https:\/\/sunnyvg.hr\/en\/velika-gorica-will-start-the-energy-transformation-by-the-end-of-the-year-22-public-objects-will-get-solar-power-plants\/"]}]},{"@type":"BreadcrumbList","@id":"https:\/\/sunnyvg.hr\/en\/velika-gorica-will-start-the-energy-transformation-by-the-end-of-the-year-22-public-objects-will-get-solar-power-plants\/#breadcrumb","itemListElement":[{"@type":"ListItem","position":1,"name":"Po\u010detna stranica","item":"https:\/\/sunnyvg.hr\/en\/"},{"@type":"ListItem","position":2,"name":"Velika Gorica begins energy transformation: By the end of the year, 22 public buildings will receive solar power plants"}]},{"@type":"WebSite","@id":"https:\/\/sunnyvg.hr\/en\/#website","url":"https:\/\/sunnyvg.hr\/en\/","name":"Sunny VG","description":"Velika Gorica Solarni Grad ODBROJAVANJE","publisher":{"@id":"https:\/\/sunnyvg.hr\/en\/#organization"},"potentialAction":[{"@type":"SearchAction","target":{"@type":"EntryPoint","urlTemplate":"https:\/\/sunnyvg.hr\/en\/?s={search_term_string}"},"query-input":"required name=search_term_string"}],"inLanguage":"en-US"},{"@type":"Organization","@id":"https:\/\/sunnyvg.hr\/en\/#organization","name":"Sunny VG","url":"https:\/\/sunnyvg.hr\/en\/","logo":{"@type":"ImageObject","inLanguage":"en-US","@id":"https:\/\/sunnyvg.hr\/en\/#\/schema\/logo\/image\/","url":"https:\/\/sunnyvg.hr\/wp-content\/uploads\/2023\/03\/cropped-VG_Logo_01.png","contentUrl":"https:\/\/sunnyvg.hr\/wp-content\/uploads\/2023\/03\/cropped-VG_Logo_01.png","width":570,"height":409,"caption":"Sunny VG"},"image":{"@id":"https:\/\/sunnyvg.hr\/en\/#\/schema\/logo\/image\/"}},{"@type":"Person","@id":"https:\/\/sunnyvg.hr\/en\/#\/schema\/person\/41efd329db2a08087ebe8fc1e2954453","name":"Admin","image":{"@type":"ImageObject","inLanguage":"en-US","@id":"https:\/\/sunnyvg.hr\/en\/#\/schema\/person\/image\/","url":"https:\/\/secure.gravatar.com\/avatar\/3c319ca6703730ac05394e51c6576738?s=96&d=mm&r=g","contentUrl":"https:\/\/secure.gravatar.com\/avatar\/3c319ca6703730ac05394e51c6576738?s=96&d=mm&r=g","caption":"Admin"},"sameAs":["https:\/\/sunnyvg.hr"]}]}},"_links":{"self":[{"href":"https:\/\/sunnyvg.hr\/en\/wp-json\/wp\/v2\/posts\/1321"}],"collection":[{"href":"https:\/\/sunnyvg.hr\/en\/wp-json\/wp\/v2\/posts"}],"about":[{"href":"https:\/\/sunnyvg.hr\/en\/wp-json\/wp\/v2\/types\/post"}],"author":[{"embeddable":true,"href":"https:\/\/sunnyvg.hr\/en\/wp-json\/wp\/v2\/users\/1"}],"replies":[{"embeddable":true,"href":"https:\/\/sunnyvg.hr\/en\/wp-json\/wp\/v2\/comments?post=1321"}],"version-history":[{"count":0,"href":"https:\/\/sunnyvg.hr\/en\/wp-json\/wp\/v2\/posts\/1321\/revisions"}],"wp:featuredmedia":[{"embeddable":true,"href":"https:\/\/sunnyvg.hr\/en\/wp-json\/wp\/v2\/media\/1305"}],"wp:attachment":[{"href":"https:\/\/sunnyvg.hr\/en\/wp-json\/wp\/v2\/media?parent=1321"}],"wp:term":[{"taxonomy":"category","embeddable":true,"href":"https:\/\/sunnyvg.hr\/en\/wp-json\/wp\/v2\/categories?post=1321"},{"taxonomy":"post_tag","embeddable":true,"href":"https:\/\/sunnyvg.hr\/en\/wp-json\/wp\/v2\/tags?post=1321"}],"curies":[{"name":"wp","href":"https:\/\/api.w.org\/{rel}","templated":true}]}}